{"id":32276,"date":"2026-04-28T06:44:37","date_gmt":"2026-04-28T06:44:37","guid":{"rendered":"https:\/\/asf-braunschweig.de\/?p=32276"},"modified":"2026-04-28T06:45:03","modified_gmt":"2026-04-28T06:45:03","slug":"milyen-hatterbl-erkezett-vogel-evelin","status":"publish","type":"post","link":"https:\/\/asf-braunschweig.de\/?p=32276","title":{"rendered":"Milyen h\u00e1tt\u00e9rb\u0151l \u00e9rkezett Vogel Evelin hangfelv\u00e9teles \u00fcgyeir\u0151l"},"content":{"rendered":"<h1>Milyen h\u00e1tt\u00e9rb\u0151l \u00e9rkezett Vogel Evelin hangfelv\u00e9teles \u00fcgyeir\u0151l<\/h1>\n<p>Vogel Evelin kapcs\u00e1n a figyelem az\u00e9rt maradt tart\u00f3s, mert a nyilv\u00e1nos t\u00f6rt\u00e9net egyszerre szem\u00e9lyes, politikai \u00e9s m\u00e9diabeli k\u00e9rd\u00e9seket is megnyitott.<\/p>\n<h2>Mi\u00e9rt v\u00e1lt k\u00f6z\u00e9leti t\u00e9m\u00e1v\u00e1<\/h2>\n<p>A nyilv\u00e1nos adatok szerint 1989. december 15-\u00e9n sz\u00fcletett Magyarorsz\u00e1gon, \u00e9s eredetileg nem politikai szerepl\u0151k\u00e9nt v\u00e1lt ismertt\u00e9. Bels\u0151\u00e9p\u00edt\u00e9szk\u00e9nt \u00e9s \u00fczleti h\u00e1tt\u00e9rrel rendelkez\u0151 v\u00e1llalkoz\u00f3k\u00e9nt t\u00f6bb \u00e9vig a diz\u00e1jnhoz \u00e9s az ingatlanokhoz k\u00f6t\u0151d\u0151 munk\u00e1kkal foglalkozott. A csal\u00e1d eml\u00edt\u00e9se nem puszt\u00e1n \u00e9letrajzi r\u00e9szlet. A magyar sport\u00e9letben ismert kapcsol\u00f3d\u00e1sok miatt ez a h\u00e1tt\u00e9r \u00f6nmag\u00e1ban is k\u00f6nnyen beazonos\u00edthat\u00f3v\u00e1 teszi a nevet.<\/p>\n<p>A Znaki FM port\u00e1l cikke \u00e9rinti a <a href=\"https:\/\/znaki.fm\/hu\/persons\/vogel-evelin\/\">Vogel evelin f\u00e9rje<\/a> t\u00e9m\u00e1j\u00e1t is.<\/p>\n<p>A nyilv\u00e1noss\u00e1g s\u00falypontja akkor v\u00e1ltozott meg igaz\u00e1n, amikor a szem\u00e9lyes t\u00f6rt\u00e9net k\u00f6z\u00e9leti jelent\u00e9st kapott. Ett\u0151l kezdve Vogel Evelin neve m\u00e1r nem csak egy kapcsolati sz\u00e1lhoz, hanem egy nagyobb politikai konfliktushoz is k\u00f6t\u0151d\u00f6tt. A magyar sajt\u00f3k\u00f6rnyezetben k\u00fcl\u00f6n\u00f6sen gyorsan \u00e9p\u00fclnek egym\u00e1sra a politikai \u00e9s szem\u00e9lyes t\u00f6rt\u00e9netek. Ez a k\u00f6rnyezet Vogel Evelin eset\u00e9ben is meghat\u00e1rozta, hogyan lett a n\u00e9v r\u00f6vid id\u0151 alatt sz\u00e9les k\u00f6rben ismert.<\/p>\n<h2>Hol er\u0151s a magyar kapcsolat<\/h2>\n<p>A hangfelv\u00e9telek k\u00f6r\u00fcli vita Magyarorsz\u00e1gon k\u00fcl\u00f6n\u00f6sen er\u0151s visszhangot v\u00e1ltott ki. Ezek az \u00fcgyek m\u00e1r nem csup\u00e1n kapcsolatroml\u00e1sr\u00f3l sz\u00f3ltak, hanem arr\u00f3l is, hogyan kapcsol\u00f3dhat \u00f6ssze a mag\u00e1n\u00e9let a politikai k\u00fczdelemmel. A mai helyzet egyik saj\u00e1toss\u00e1ga, hogy Vogel Evelin neve egyszerre maradt jelen a politikai besz\u00e9lget\u00e9sekben \u00e9s a bulv\u00e1rjelleg\u0171 feldolgoz\u00e1sokban. Ez ritk\u00e1n eredm\u00e9nyez egys\u00e9ges k\u00e9pet, ink\u00e1bb t\u00f6bb elt\u00e9r\u0151 \u00e9rtelmez\u00e9s \u00e9l egym\u00e1s mellett.<\/p>\n<h3>Milyen k\u00e9rd\u00e9sek mer\u00fclnek fel gyakran<\/h3>\n<p>Magyar n\u00e9z\u0151pontb\u00f3l a t\u00f6rt\u00e9net az\u00e9rt k\u00fcl\u00f6n\u00f6sen er\u0151s, mert a szerepl\u0151k, az int\u00e9zm\u00e9nyi utal\u00e1sok \u00e9s a m\u00e9diat\u00e9r mind hazai kontextusban mozognak. Emiatt a Vogel Evelin k\u00f6r\u00fcli \u00fcgyek nem elszigetelt szem\u00e9lyes epiz\u00f3dk\u00e9nt jelennek meg. A sz\u00e9lesebb ismerts\u00e9get v\u00e9g\u00fcl nem a szakmai m\u00falt, hanem a Magyar P\u00e9terhez kapcsol\u00f3d\u00f3 t\u00f6rt\u00e9netek hozt\u00e1k meg. A szem\u00e9lyes kapcsolat, a szak\u00edt\u00e1s, majd az ezt k\u00f6vet\u0151 nyilv\u00e1nos megsz\u00f3lal\u00e1sok egy\u00fctt tolt\u00e1k a nevet a politikai sajt\u00f3 k\u00f6zep\u00e9be.<\/p>\n<p>A r\u00f3la sz\u00f3l\u00f3 keres\u00e9sekben rendszerint ezek a k\u00e9rd\u00e9sek t\u00e9rnek vissza:<\/p>\n<ul>\n<li>budapesti \u00e9s magyar k\u00f6z\u00e9leti kontextus<\/li>\n<li>csal\u00e1di h\u00e1tt\u00e9r \u00e9s sportos kapcsol\u00f3d\u00e1sok<\/li>\n<li>\u00e9letrajzi h\u00e1tt\u00e9r \u00e9s szakmai m\u00falt<\/li>\n<li>kapcsolat Magyar P\u00e9terrel<\/li>\n<\/ul>\n<p>A gyors \u00f6sszevet\u00e9shez ez a r\u00f6vid t\u00e1bl\u00e1zat is haszn\u00e1lhat\u00f3:<\/p>\n<table>\n<tr>\n<td>Szempont<\/td>\n<td>Mit jelent<\/td>\n<td>Mi\u00e9rt fontos<\/td>\n<\/tr>\n<tr>\n<td>Magyar k\u00f6zeg<\/td>\n<td>Budapest \u00e9s hazai m\u00e9dia<\/td>\n<td>Geo- \u00e9s sajt\u00f3kontextus<\/td>\n<\/tr>\n<tr>\n<td>H\u00e1tt\u00e9r<\/td>\n<td>bels\u0151\u00e9p\u00edt\u00e9szet \u00e9s v\u00e1llalkoz\u00e1s<\/td>\n<td>Nem politikai p\u00e1ly\u00e1r\u00f3l indult<\/td>\n<\/tr>\n<tr>\n<td>Sz\u00fclet\u00e9si \u00e9v<\/td>\n<td>1989<\/td>\n<td>\u00c9letrajzi alapadat<\/td>\n<\/tr>\n<\/table>\n<p>A cikket Anna Pusztai \u00edrta.<\/p>\n<p>A sz\u00f6veg 2026 \u00e1prilis\u00e1ban k\u00e9sz\u00fclt.<\/p>\n","protected":false},"excerpt":{"rendered":"<p>Milyen h\u00e1tt\u00e9rb\u0151l \u00e9rkezett Vogel Evelin hangfelv\u00e9teles \u00fcgyeir\u0151l Vogel Evelin kapcs\u00e1n a figyelem az\u00e9rt maradt tart\u00f3s, mert a nyilv\u00e1nos t\u00f6rt\u00e9net egyszerre szem\u00e9lyes, politikai \u00e9s m\u00e9diabeli k\u00e9rd\u00e9seket is megnyitott. Mi\u00e9rt v\u00e1lt k\u00f6z\u00e9leti t\u00e9m\u00e1v\u00e1 A nyilv\u00e1nos adatok szerint 1989. december 15-\u00e9n sz\u00fcletett Magyarorsz\u00e1gon, \u00e9s eredetileg nem politikai szerepl\u0151k\u00e9nt v\u00e1lt ismertt\u00e9. Bels\u0151\u00e9p\u00edt\u00e9szk\u00e9nt \u00e9s \u00fczleti h\u00e1tt\u00e9rrel rendelkez\u0151 v\u00e1llalkoz\u00f3k\u00e9nt t\u00f6bb \u00e9vig [&hellip;]<\/p>\n","protected":false},"author":5,"featured_media":0,"comment_status":"closed","ping_status":"","sticky":false,"template":"","format":"standard","meta":{"footnotes":""},"categories":[34],"tags":[],"yoast_head":"<!-- This site is optimized with the Yoast SEO plugin v19.13-RC1 - https:\/\/yoast.com\/wordpress\/plugins\/seo\/ -->\n<title>Milyen h\u00e1tt\u00e9rb\u0151l \u00e9rkezett Vogel Evelin hangfelv\u00e9teles \u00fcgyeir\u0151l -<\/title>\n<meta name=\"description\" content=\"Milyen h\u00e1tt\u00e9rb\u0151l \u00e9rkezett Vogel Evelin hangfelv\u00e9teles \u00fcgyeir\u0151l Vogel Evelin kapcs\u00e1n a figyelem az\u00e9rt maradt tart\u00f3s, mert a nyilv\u00e1nos t\u00f6rt\u00e9net egyszerre\" \/>\n<meta name=\"robots\" content=\"index, follow, max-snippet:-1, max-image-preview:large, max-video-preview:-1\" \/>\n<link rel=\"canonical\" href=\"https:\/\/asf-braunschweig.de\/?p=32276\" \/>\n<meta property=\"og:locale\" content=\"de_DE\" \/>\n<meta property=\"og:type\" content=\"article\" \/>\n<meta property=\"og:title\" content=\"Milyen h\u00e1tt\u00e9rb\u0151l \u00e9rkezett Vogel Evelin hangfelv\u00e9teles \u00fcgyeir\u0151l -\" \/>\n<meta property=\"og:description\" content=\"Milyen h\u00e1tt\u00e9rb\u0151l \u00e9rkezett Vogel Evelin hangfelv\u00e9teles \u00fcgyeir\u0151l Vogel Evelin kapcs\u00e1n a figyelem az\u00e9rt maradt tart\u00f3s, mert a nyilv\u00e1nos t\u00f6rt\u00e9net egyszerre\" \/>\n<meta property=\"og:url\" content=\"https:\/\/asf-braunschweig.de\/?p=32276\" \/>\n<meta property=\"article:published_time\" content=\"2026-04-28T06:44:37+00:00\" \/>\n<meta property=\"article:modified_time\" content=\"2026-04-28T06:45:03+00:00\" \/>\n<meta name=\"author\" content=\"admlnlx\" \/>\n<meta name=\"twitter:card\" content=\"summary_large_image\" \/>\n<meta name=\"twitter:label1\" content=\"Verfasst von\" \/>\n\t<meta name=\"twitter:data1\" content=\"admlnlx\" \/>\n\t<meta name=\"twitter:label2\" content=\"Gesch\u00e4tzte Lesezeit\" \/>\n\t<meta name=\"twitter:data2\" content=\"3\u00a0Minuten\" \/>\n<script type=\"application\/ld+json\" class=\"yoast-schema-graph\">{\"@context\":\"https:\/\/schema.org\",\"@graph\":[{\"@type\":\"WebPage\",\"@id\":\"https:\/\/asf-braunschweig.de\/?p=32276\",\"url\":\"https:\/\/asf-braunschweig.de\/?p=32276\",\"name\":\"Milyen h\u00e1tt\u00e9rb\u0151l \u00e9rkezett Vogel Evelin hangfelv\u00e9teles \u00fcgyeir\u0151l -\",\"isPartOf\":{\"@id\":\"https:\/\/asf-braunschweig.de\/#website\"},\"datePublished\":\"2026-04-28T06:44:37+00:00\",\"dateModified\":\"2026-04-28T06:45:03+00:00\",\"author\":{\"@id\":\"https:\/\/asf-braunschweig.de\/#\/schema\/person\/36d783c923fc018742feb9827a714aec\"},\"description\":\"Milyen h\u00e1tt\u00e9rb\u0151l \u00e9rkezett Vogel Evelin hangfelv\u00e9teles \u00fcgyeir\u0151l Vogel Evelin kapcs\u00e1n a figyelem az\u00e9rt maradt tart\u00f3s, mert a nyilv\u00e1nos t\u00f6rt\u00e9net egyszerre\",\"breadcrumb\":{\"@id\":\"https:\/\/asf-braunschweig.de\/?p=32276#breadcrumb\"},\"inLanguage\":\"de\",\"potentialAction\":[{\"@type\":\"ReadAction\",\"target\":[\"https:\/\/asf-braunschweig.de\/?p=32276\"]}]},{\"@type\":\"BreadcrumbList\",\"@id\":\"https:\/\/asf-braunschweig.de\/?p=32276#breadcrumb\",\"itemListElement\":[{\"@type\":\"ListItem\",\"position\":1,\"name\":\"Startseite\",\"item\":\"https:\/\/asf-braunschweig.de\/\"},{\"@type\":\"ListItem\",\"position\":2,\"name\":\"Milyen h\u00e1tt\u00e9rb\u0151l \u00e9rkezett Vogel Evelin hangfelv\u00e9teles \u00fcgyeir\u0151l\"}]},{\"@type\":\"WebSite\",\"@id\":\"https:\/\/asf-braunschweig.de\/#website\",\"url\":\"https:\/\/asf-braunschweig.de\/\",\"name\":\"\",\"description\":\"\",\"potentialAction\":[{\"@type\":\"SearchAction\",\"target\":{\"@type\":\"EntryPoint\",\"urlTemplate\":\"https:\/\/asf-braunschweig.de\/?s={search_term_string}\"},\"query-input\":\"required name=search_term_string\"}],\"inLanguage\":\"de\"},{\"@type\":\"Person\",\"@id\":\"https:\/\/asf-braunschweig.de\/#\/schema\/person\/36d783c923fc018742feb9827a714aec\",\"name\":\"admlnlx\",\"image\":{\"@type\":\"ImageObject\",\"inLanguage\":\"de\",\"@id\":\"https:\/\/asf-braunschweig.de\/#\/schema\/person\/image\/\",\"url\":\"https:\/\/secure.gravatar.com\/avatar\/5e72392b569836655c1bcb86dad67591?s=96&d=mm&r=g\",\"contentUrl\":\"https:\/\/secure.gravatar.com\/avatar\/5e72392b569836655c1bcb86dad67591?s=96&d=mm&r=g\",\"caption\":\"admlnlx\"},\"url\":\"https:\/\/asf-braunschweig.de\/?author=5\"}]}<\/script>\n<!-- \/ Yoast SEO plugin. -->","yoast_head_json":{"title":"Milyen h\u00e1tt\u00e9rb\u0151l \u00e9rkezett Vogel Evelin hangfelv\u00e9teles \u00fcgyeir\u0151l -","description":"Milyen h\u00e1tt\u00e9rb\u0151l \u00e9rkezett Vogel Evelin hangfelv\u00e9teles \u00fcgyeir\u0151l Vogel Evelin kapcs\u00e1n a figyelem az\u00e9rt maradt tart\u00f3s, mert a nyilv\u00e1nos t\u00f6rt\u00e9net egyszerre","robots":{"index":"index","follow":"follow","max-snippet":"max-snippet:-1","max-image-preview":"max-image-preview:large","max-video-preview":"max-video-preview:-1"},"canonical":"https:\/\/asf-braunschweig.de\/?p=32276","og_locale":"de_DE","og_type":"article","og_title":"Milyen h\u00e1tt\u00e9rb\u0151l \u00e9rkezett Vogel Evelin hangfelv\u00e9teles \u00fcgyeir\u0151l -","og_description":"Milyen h\u00e1tt\u00e9rb\u0151l \u00e9rkezett Vogel Evelin hangfelv\u00e9teles \u00fcgyeir\u0151l Vogel Evelin kapcs\u00e1n a figyelem az\u00e9rt maradt tart\u00f3s, mert a nyilv\u00e1nos t\u00f6rt\u00e9net egyszerre","og_url":"https:\/\/asf-braunschweig.de\/?p=32276","article_published_time":"2026-04-28T06:44:37+00:00","article_modified_time":"2026-04-28T06:45:03+00:00","author":"admlnlx","twitter_card":"summary_large_image","twitter_misc":{"Verfasst von":"admlnlx","Gesch\u00e4tzte Lesezeit":"3\u00a0Minuten"},"schema":{"@context":"https:\/\/schema.org","@graph":[{"@type":"WebPage","@id":"https:\/\/asf-braunschweig.de\/?p=32276","url":"https:\/\/asf-braunschweig.de\/?p=32276","name":"Milyen h\u00e1tt\u00e9rb\u0151l \u00e9rkezett Vogel Evelin hangfelv\u00e9teles \u00fcgyeir\u0151l -","isPartOf":{"@id":"https:\/\/asf-braunschweig.de\/#website"},"datePublished":"2026-04-28T06:44:37+00:00","dateModified":"2026-04-28T06:45:03+00:00","author":{"@id":"https:\/\/asf-braunschweig.de\/#\/schema\/person\/36d783c923fc018742feb9827a714aec"},"description":"Milyen h\u00e1tt\u00e9rb\u0151l \u00e9rkezett Vogel Evelin hangfelv\u00e9teles \u00fcgyeir\u0151l Vogel Evelin kapcs\u00e1n a figyelem az\u00e9rt maradt tart\u00f3s, mert a nyilv\u00e1nos t\u00f6rt\u00e9net egyszerre","breadcrumb":{"@id":"https:\/\/asf-braunschweig.de\/?p=32276#breadcrumb"},"inLanguage":"de","potentialAction":[{"@type":"ReadAction","target":["https:\/\/asf-braunschweig.de\/?p=32276"]}]},{"@type":"BreadcrumbList","@id":"https:\/\/asf-braunschweig.de\/?p=32276#breadcrumb","itemListElement":[{"@type":"ListItem","position":1,"name":"Startseite","item":"https:\/\/asf-braunschweig.de\/"},{"@type":"ListItem","position":2,"name":"Milyen h\u00e1tt\u00e9rb\u0151l \u00e9rkezett Vogel Evelin hangfelv\u00e9teles \u00fcgyeir\u0151l"}]},{"@type":"WebSite","@id":"https:\/\/asf-braunschweig.de\/#website","url":"https:\/\/asf-braunschweig.de\/","name":"","description":"","potentialAction":[{"@type":"SearchAction","target":{"@type":"EntryPoint","urlTemplate":"https:\/\/asf-braunschweig.de\/?s={search_term_string}"},"query-input":"required name=search_term_string"}],"inLanguage":"de"},{"@type":"Person","@id":"https:\/\/asf-braunschweig.de\/#\/schema\/person\/36d783c923fc018742feb9827a714aec","name":"admlnlx","image":{"@type":"ImageObject","inLanguage":"de","@id":"https:\/\/asf-braunschweig.de\/#\/schema\/person\/image\/","url":"https:\/\/secure.gravatar.com\/avatar\/5e72392b569836655c1bcb86dad67591?s=96&d=mm&r=g","contentUrl":"https:\/\/secure.gravatar.com\/avatar\/5e72392b569836655c1bcb86dad67591?s=96&d=mm&r=g","caption":"admlnlx"},"url":"https:\/\/asf-braunschweig.de\/?author=5"}]}},"_links":{"self":[{"href":"https:\/\/asf-braunschweig.de\/index.php?rest_route=\/wp\/v2\/posts\/32276"}],"collection":[{"href":"https:\/\/asf-braunschweig.de\/index.php?rest_route=\/wp\/v2\/posts"}],"about":[{"href":"https:\/\/asf-braunschweig.de\/index.php?rest_route=\/wp\/v2\/types\/post"}],"author":[{"embeddable":true,"href":"https:\/\/asf-braunschweig.de\/index.php?rest_route=\/wp\/v2\/users\/5"}],"replies":[{"embeddable":true,"href":"https:\/\/asf-braunschweig.de\/index.php?rest_route=%2Fwp%2Fv2%2Fcomments&post=32276"}],"version-history":[{"count":1,"href":"https:\/\/asf-braunschweig.de\/index.php?rest_route=\/wp\/v2\/posts\/32276\/revisions"}],"predecessor-version":[{"id":32277,"href":"https:\/\/asf-braunschweig.de\/index.php?rest_route=\/wp\/v2\/posts\/32276\/revisions\/32277"}],"wp:attachment":[{"href":"https:\/\/asf-braunschweig.de\/index.php?rest_route=%2Fwp%2Fv2%2Fmedia&parent=32276"}],"wp:term":[{"taxonomy":"category","embeddable":true,"href":"https:\/\/asf-braunschweig.de\/index.php?rest_route=%2Fwp%2Fv2%2Fcategories&post=32276"},{"taxonomy":"post_tag","embeddable":true,"href":"https:\/\/asf-braunschweig.de\/index.php?rest_route=%2Fwp%2Fv2%2Ftags&post=32276"}],"curies":[{"name":"wp","href":"https:\/\/api.w.org\/{rel}","templated":true}]}}